{"id":752,"date":"2025-06-26T12:40:54","date_gmt":"2025-06-26T10:40:54","guid":{"rendered":"https:\/\/campingkunst.de\/?p=752"},"modified":"2025-06-26T12:40:56","modified_gmt":"2025-06-26T10:40:56","slug":"unsere-vision-des-reisens","status":"publish","type":"post","link":"https:\/\/campingkunst.de\/en\/unsere-vision-des-reisens\/","title":{"rendered":"Unsere Vision des Reisens"},"content":{"rendered":"<p>Seit einigen Jahren sind wir stolze Besitzer eines Wohnmobils \u2013 und erleben das Reisen auf eine neue, intensivere Weise. Die Geschwindigkeit ist geringer, die Freiheit gr\u00f6\u00dfer, und das Innehalten wird m\u00f6glich. Mit jedem Kilometer w\u00e4chst nicht nur die Zahl der Erlebnisse, sondern auch die Tiefe der Reflexion: <strong>Was bedeutet Reisen f\u00fcr uns? Was macht es mit uns?<\/strong><\/p>\n\n\n\n<p>Ein historisches Vorbild begleitet uns dabei: Arist Dethleffs, der in den 1930er Jahren den ersten Wohnwagen Deutschlands baute \u2013 auf Wunsch seiner Frau, einer Malerin. Ihre gemeinsame Vision war es, <strong>Reisen, Arbeiten und Kunst<\/strong> zu verbinden. Diese faszinierende Verbindung inspirierte uns so sehr, dass wir ihre Geschichte in unserem Buch <em>Die Camper<\/em> ausf\u00fchrlich erz\u00e4hlt haben.<\/p>\n\n\n\n<p>Auch wir folgen auf unseren Reisen durch Europa immer wieder Spuren der Kunst. Wir besuchen Orte, die mit dem Leben und Wirken von Malern, Schriftstellern oder Philosophen verbunden sind. Diese Orte ber\u00fchren uns \u2013 nicht nur wegen ihrer Sch\u00f6nheit, sondern weil sie uns inspirieren. Auf <strong>campingkunst.de<\/strong> teilen wir diese Erfahrungen und Geschichten \u2013 als Einladung zum Nachreisen, Nachdenken und Weiterdenken.<\/p>\n\n\n\n<p>Nat\u00fcrlich sind wir auch ganz normale Urlauber: Wir entdecken St\u00e4dte und Landschaften, wandern, verbringen Zeit am Meer. Doch \u00fcber allem steht f\u00fcr uns eine <strong>philosophische Perspektive des Reisens<\/strong>. Wir besitzen eine \u00fcber Jahre gewachsene Sammlung bedeutender Reiseliteratur, die uns begleitet, inspiriert \u2013 und uns sogar dann weiterreisen l\u00e4sst, wenn wir zu Hause sind.<\/p>\n\n\n\n<p>Einige B\u00fccher, die uns besonders pr\u00e4gen:<\/p>\n\n\n\n<ul class=\"wp-block-list\">\n<li><strong>Homers Odyssee<\/strong> \u2013 die Urerz\u00e4hlung der Lebensreise: voller Pr\u00fcfungen, Wandlung und Sehnsucht nach Heimkehr.<\/li>\n\n\n\n<li><strong>Goethes Italienische Reise<\/strong> \u2013 eine poetische Schule der Metamorphose, der inneren Ver\u00e4nderung durch \u00e4u\u00dfere Bewegung.<\/li>\n\n\n\n<li><strong>Patrick Leigh Fermor<\/strong> \u2013 sein Weg von Amsterdam nach Konstantinopel ist ein feinsinniger Dialog der Kulturen.<\/li>\n\n\n\n<li><strong>Keyserlings Lebensreise eines Philosophen<\/strong> \u2013 eine spirituelle Ann\u00e4herung an das Unterwegssein als Erkenntnisweg.<\/li>\n<\/ul>\n\n\n\n<p>Diese Themen greifen wir auch in Vortr\u00e4gen auf \u2013 unterwegs, auf Veranstaltungen, im Austausch mit anderen.<\/p>\n\n\n\n<p>Ein weiterer Fokus unseres Blogs ist die <strong>Infrastruktur des mobilen Lebens<\/strong>: Wir interessieren uns f\u00fcr besondere Stellpl\u00e4tze, \u00f6kologische Wohnformen, alternative Siedlungen, Tiny Houses oder die Geschichte alternativer Lebensgemeinschaften in Europa. Immer wieder stellen wir uns die Frage: <strong>Welche Orte erm\u00f6glichen ein sinnvolles Zusammenspiel von \u00f6konomischem, sozialem und geistigem Leben \u2013 tempor\u00e4r oder dauerhaft?<\/strong><\/p>\n\n\n\n<p>Gleichzeitig blicken wir offen in die Zukunft: Technologische Entwicklungen wie <strong>digitale Tools und K\u00fcnstliche Intelligenz<\/strong> er\u00f6ffnen neue M\u00f6glichkeiten f\u00fcr individuelles, selbstbestimmtes Reisen. Sie erlauben eine pers\u00f6nliche Reiseplanung und schaffen neue Zug\u00e4nge \u2013 etwa durch die intelligente Verbindung von Blog-Inhalten mit der Stellplatzsuche oder kulturellen Angeboten.<\/p>\n\n\n\n<p><strong>Campingkunst.de<\/strong> ist mehr als ein Reiseblog. Es ist ein Raum f\u00fcr Reflexion, Austausch und Entdeckung. Wir m\u00f6chten Menschen erreichen, die \u2013 wie wir \u2013 unterwegs sind, mit Kopf, Herz und Neugier. Menschen, die Sch\u00f6nheit suchen und Bedeutung, Bewegung und Bewusstsein.<\/p>\n\n\n\n<p>Wir freuen uns \u00fcber Austausch, Kooperationen und Synergien mit allen, die das Reisen nicht nur als Fortbewegung verstehen, sondern als <strong>Lebensku<\/strong>nst. <\/p>","protected":false},"excerpt":{"rendered":"<p>Seit einigen Jahren sind wir stolze Besitzer eines Wohnmobils \u2013 und erleben das Reisen auf eine neue, intensivere Weise. Die Geschwindigkeit ist geringer, die Freiheit gr\u00f6\u00dfer, und das Innehalten wird m\u00f6glich. Mit jedem Kilometer w\u00e4chst nicht nur die Zahl der &#8230; <a href=\"https:\/\/campingkunst.de\/en\/unsere-vision-des-reisens\/\" rel=\"nofollow\">Weiterlesen<\/a><\/p>","protected":false},"author":2,"featured_media":753,"comment_status":"closed","ping_status":"open","sticky":false,"template":"","format":"standard","meta":{"give_campaign_id":0,"footnotes":""},"categories":[5],"tags":[],"class_list":["post-752","post","type-post","status-publish","format-standard","has-post-thumbnail","hentry","category-reisekunst"],"_links":{"self":[{"href":"https:\/\/campingkunst.de\/en\/wp-json\/wp\/v2\/posts\/752","targetHints":{"allow":["GET"]}}],"collection":[{"href":"https:\/\/campingkunst.de\/en\/wp-json\/wp\/v2\/posts"}],"about":[{"href":"https:\/\/campingkunst.de\/en\/wp-json\/wp\/v2\/types\/post"}],"author":[{"embeddable":true,"href":"https:\/\/campingkunst.de\/en\/wp-json\/wp\/v2\/users\/2"}],"replies":[{"embeddable":true,"href":"https:\/\/campingkunst.de\/en\/wp-json\/wp\/v2\/comments?post=752"}],"version-history":[{"count":1,"href":"https:\/\/campingkunst.de\/en\/wp-json\/wp\/v2\/posts\/752\/revisions"}],"predecessor-version":[{"id":754,"href":"https:\/\/campingkunst.de\/en\/wp-json\/wp\/v2\/posts\/752\/revisions\/754"}],"wp:featuredmedia":[{"embeddable":true,"href":"https:\/\/campingkunst.de\/en\/wp-json\/wp\/v2\/media\/753"}],"wp:attachment":[{"href":"https:\/\/campingkunst.de\/en\/wp-json\/wp\/v2\/media?parent=752"}],"wp:term":[{"taxonomy":"category","embeddable":true,"href":"https:\/\/campingkunst.de\/en\/wp-json\/wp\/v2\/categories?post=752"},{"taxonomy":"post_tag","embeddable":true,"href":"https:\/\/campingkunst.de\/en\/wp-json\/wp\/v2\/tags?post=752"}],"curies":[{"name":"wp","href":"https:\/\/api.w.org\/{rel}","templated":true}]}}